{"id":227,"date":"2018-06-01T19:03:57","date_gmt":"2018-06-01T18:03:57","guid":{"rendered":"http:\/\/e-commerce-expert.de\/?p=227"},"modified":"2018-09-06T09:03:30","modified_gmt":"2018-09-06T08:03:30","slug":"dsgvo-auskunftsersuchende-idioten-oder-stilblueten-des-dsgvo","status":"publish","type":"post","link":"https:\/\/e-commerce-expert.de\/?p=227","title":{"rendered":"DSGVO Auskunftsersuchende Idioten, oder unsinnige Auswirkungen des DSGVO"},"content":{"rendered":"<p>Am 25.5. lief in ganz Europa die 2j\u00e4hrige \u00dcbergangsfirst f\u00fcr das DSGVO ab, s\u00e4mtliche Webseitenbetreiber oder Shopbetreiber zitterten vor diesem Datum, und viele sind bis heute total verunsichert, weil das Gesetzt durch die Konjuries\u00a0 (Juristen- die immer nur im Konjunktiv reden \ud83d\ude42 ja erst noch mit mindestens 351 Aktenordnern Auslegungen und Urteilen interpretiert werden muss.<\/p>\n<p>Da gibt es dann doch tats\u00e4chlicbh die ersten Freaks, die nichts besseres zu tun haben, sich am 27.5. hinzusetzen, auf einem Shop zu surfen, und dann am 1.6. Nachts um 1 Uhr diese Mail abzusetzen:<\/p>\n<p>Sehr geehrte Damen und Herren,<\/p>\n<p>nach Art. 15 DSGVO habe ich das Recht, von Ihnen eine Best\u00e4tigung dar\u00fcber zu verlangen, ob Sie personenbezogene Daten \u00fcber meine Person gespeichert haben. Sofern dies der Fall ist, so habe ich ein Recht auf Auskunft \u00fcber diese Daten.<\/p>\n<p>&nbsp;<\/p>\n<p><strong>Angaben zur Identifizierung:<\/strong><\/p>\n<p>Adresse:<\/p>\n<p>Max Mustermann\u00a0\u00a0\u00a0 &#8211; (echter Name und Adresse ist bekannt)\u00a0 es war keine Fakemail<\/p>\n<p>Musterstrasse 7<\/p>\n<p>50679 K\u00f6ln<\/p>\n<p>mailadresse ist bekannt<\/p>\n<p>IP-Adresse: \u00a0\u00a0\u00a0\u00a0\u00a0\u00a0 xx.34.x4.xx am 27.05.18\u00a0\u00a0 ist auch bekannt<\/p>\n<p>Sie k\u00f6nnen meine Identit\u00e4tsangaben \u00fcber die Angaben auf der Website \u201etralala.de\u201c und der digitalen Signatur dieser E-Mail verifizieren.<\/p>\n<ol>\n<li><strong> Auskunft \u00fcber meine bei Ihnen gespeicherten Daten<\/strong><\/li>\n<\/ol>\n<p>Ich darf Sie in diesem Fall bitten, mir gem\u00e4\u00df Art. 15 Abs. 1 DSGVO folgende Informationen elektronisch mitzuteilen:<\/p>\n<ol>\n<li>a) Welche Daten \u00fcber meine Person konkret bei Ihnen gespeichert oder verarbeitet werden (z.B. Name, Vorname, Anschrift, Geburtsdatum, IP-Adresse, Cookies, E-Mail-Adresse).<\/li>\n<li>b) Weiterhin wollen Sie mich bitte \u00fcber die Verarbeitungszwecke meiner Daten ebenso informieren wie \u00fcber<\/li>\n<li>c) die Kategorien personenbezogener Daten, die bez\u00fcglich meiner Person verarbeitet werden;<\/li>\n<li>d) die Empf\u00e4nger oder Kategorien von Empf\u00e4ngern, die meine Daten bereits erhalten haben oder k\u00fcnftig noch erhalten werden;<\/li>\n<li>e) die geplante Dauer f\u00fcr die Speicherung meiner Daten, oder, falls dies nicht m\u00f6glich ist, die Kriterien f\u00fcr die Festlegung dieser Dauer;<\/li>\n<li>f) \u00fcber das Bestehen meiner Rechte auf Berichtigung, L\u00f6schung oder Einschr\u00e4nkung der Verarbeitung meiner Daten, ebenso wie \u00fcber mein Widerspruchsrecht gegen diese Verarbeitung nach Art. 21 DSGVO und mein Beschwerderecht bei der zust\u00e4ndigen Aufsichtsbeh\u00f6rde.<\/li>\n<li>g) Sofern die Daten nicht bei mir erhoben werden, fordere ich Sie auf, mir alle verf\u00fcgbaren Informationen \u00fcber die Herkunft der Daten mitzuteilen; sowie<\/li>\n<li>h) mir darzulegen, ob eine automatisierte Entscheidungsfindung einschlie\u00dflich Profiling gem\u00e4\u00df Art. 22 DSGVO besteht. In diesem Fall wollen Sie mir bitte aussagekr\u00e4ftige Informationen \u00fcber die involvierte Logik und die angestrebten Auswirkungen einer derartigen Verarbeitung f\u00fcr meine Person mitteilen.<\/li>\n<li>i) Wurden meine personenbezogenen Daten an ein Drittland oder an eine internationale Organisation \u00fcbermittelt, wollen Sie mir bitte mitteilen, welche geeigneten Garantien gem\u00e4\u00df Art. 46 DSGVO im Zusammenhang mit der \u00dcbermittlung vorgesehen sind.<\/li>\n<\/ol>\n<p>Bitte stellen Sie mir kostenfrei eine Kopie meiner bei Ihnen gespeicherten personenbezogenen Daten zur Verf\u00fcgung. Da ich diesen Antrag elektronisch stelle sind mir die Informationen in einem g\u00e4ngigen elektronischen Format zur Verf\u00fcgung zu stellen.<\/p>\n<ol start=\"2\">\n<li><strong> L\u00f6schung meiner Daten<\/strong><\/li>\n<\/ol>\n<p>Weiterhin verlange ich nach Art. 17 DSGVO die <strong>unverz\u00fcgliche L\u00f6schung<\/strong> meiner bei Ihnen verarbeiteten personenbezogenen Daten.<\/p>\n<p>Die Voraussetzungen des Art. 17 DSGVO liegen nach meiner Ansicht vor. Sofern ich eine Einwilligung zur Verarbeitung meiner Daten erteilt habe, widerrufe ich diese hiermit, bzw. lege gem\u00e4\u00df Art. 21 DSGVO Widerspruch gegen die Verarbeitung ein. Dies gilt ebenso f\u00fcr das Profiling gem\u00e4\u00df Art. 22 DSGVO. Lehnen Sie die L\u00f6schung ab, so haben Sie dies mir gegen\u00fcber zu begr\u00fcnden.<\/p>\n<p>Sofern Sie meine personenbezogenen Daten \u00f6ffentlich zug\u00e4nglich gemacht haben und gem\u00e4\u00df Art. 17 Abs. 1 DSGVO zu deren L\u00f6schung verpflichtet sind, haben Sie angemessene Ma\u00dfnahmen zu ergreifen, um s\u00e4mtliche Empf\u00e4nger meiner Daten dar\u00fcber gem\u00e4\u00df Art. 19 DSGVO zu informieren, dass ich die L\u00f6schung aller Links zu diesen personenbezogenen Daten oder von Kopien dieser personenbezogenen Daten verlangt habe.<\/p>\n<ol start=\"3\">\n<li><strong> Frist<\/strong><\/li>\n<\/ol>\n<p>Auskunftserteilungen m\u00fcssen gem\u00e4\u00df Art. 12 Abs. 3 DSGVO unverz\u00fcglich erfolgen, sp\u00e4testens aber innerhalb eines Monats. Hiermit setze ich Ihnen eine Frist bis zum 02.07.18 zur vollst\u00e4ndigen Beantwortung dieses Auskunftsersuchens.<\/p>\n<p>Mit freundlichen Gr\u00fc\u00dfen<\/p>\n<hr \/>\n<p>Nachgeforscht und festgestellt, er hat sich nicht angemeldet und nicht gekauft, nur gesurft.\u00a0 Die IP\u00a0 ist nur in den\u00a0 Logfiles des Server aufgetaucht.<\/p>\n<p>Eine Frechheit, dann Shopbetreiber mit solchem Unsinn zu bel\u00e4stigen und zu verunsichern.<\/p>\n<p>Evt. nehm ich den Idioten aus der \u00dcberschrift teilweise zur\u00fcck, der Nervent\u00f6ter nennt sich lt. linkedin- Research Engineer-\u00a0 und will damit doch nicht etwa die Reaktionen testen? , aber lieber Research Engineer, man kann dich auch als Korintenkaker oder T\u00fcpflischiesser bezeichnen, ob so einer penetranten unsinnigen Mail, mitten in einer Phase der Verunsicherung.<\/p>\n<p>&nbsp;<\/p>\n<p><center><script async src=\"\/\/pagead2.googlesyndication.com\/pagead\/js\/adsbygoogle.js\"><\/script><br \/>\n<ins class=\"adsbygoogle\" style=\"display: block; text-align: center;\" data-ad-format=\"fluid\" data-ad-layout=\"in-article\" data-ad-client=\"ca-pub-0673752284811675\" data-ad-slot=\"3563827738\"><\/ins><br \/>\n<script>\n     (adsbygoogle = window.adsbygoogle || []).push({});\n<\/script><\/center><\/p>\n","protected":false},"excerpt":{"rendered":"<p>Am 25.5. lief in ganz Europa die 2j\u00e4hrige \u00dcbergangsfirst f\u00fcr das DSGVO ab, s\u00e4mtliche Webseitenbetreiber oder Shopbetreiber zitterten vor diesem Datum, und viele sind bis heute total verunsichert, weil das Gesetzt durch die Konjuries\u00a0 (Juristen- die immer nur im Konjunktiv reden \ud83d\ude42 ja erst noch mit mindestens 351 Aktenordnern Auslegungen und Urteilen interpretiert werden muss. [&hellip;]<\/p>\n","protected":false},"author":1,"featured_media":0,"comment_status":"closed","ping_status":"closed","sticky":false,"template":"","format":"standard","meta":{"footnotes":""},"categories":[8],"tags":[],"_links":{"self":[{"href":"https:\/\/e-commerce-expert.de\/index.php?rest_route=\/wp\/v2\/posts\/227"}],"collection":[{"href":"https:\/\/e-commerce-expert.de\/index.php?rest_route=\/wp\/v2\/posts"}],"about":[{"href":"https:\/\/e-commerce-expert.de\/index.php?rest_route=\/wp\/v2\/types\/post"}],"author":[{"embeddable":true,"href":"https:\/\/e-commerce-expert.de\/index.php?rest_route=\/wp\/v2\/users\/1"}],"replies":[{"embeddable":true,"href":"https:\/\/e-commerce-expert.de\/index.php?rest_route=%2Fwp%2Fv2%2Fcomments&post=227"}],"version-history":[{"count":7,"href":"https:\/\/e-commerce-expert.de\/index.php?rest_route=\/wp\/v2\/posts\/227\/revisions"}],"predecessor-version":[{"id":260,"href":"https:\/\/e-commerce-expert.de\/index.php?rest_route=\/wp\/v2\/posts\/227\/revisions\/260"}],"wp:attachment":[{"href":"https:\/\/e-commerce-expert.de\/index.php?rest_route=%2Fwp%2Fv2%2Fmedia&parent=227"}],"wp:term":[{"taxonomy":"category","embeddable":true,"href":"https:\/\/e-commerce-expert.de\/index.php?rest_route=%2Fwp%2Fv2%2Fcategories&post=227"},{"taxonomy":"post_tag","embeddable":true,"href":"https:\/\/e-commerce-expert.de\/index.php?rest_route=%2Fwp%2Fv2%2Ftags&post=227"}],"curies":[{"name":"wp","href":"https:\/\/api.w.org\/{rel}","templated":true}]}}